{"id":648,"date":"2019-08-01T08:57:28","date_gmt":"2019-08-01T06:57:28","guid":{"rendered":"http:\/\/asu77ussy.fr\/?p=648"},"modified":"2024-01-23T09:22:14","modified_gmt":"2024-01-23T08:22:14","slug":"deduction-fiscale-des-dons-et-adhesions-percus","status":"publish","type":"post","link":"https:\/\/asu77ussy.fr\/index.php\/2019\/08\/01\/deduction-fiscale-des-dons-et-adhesions-percus\/","title":{"rendered":"D\u00c9DUCTION FISCALE des dons et adh\u00e9sions per\u00e7us"},"content":{"rendered":"\n<p class=\"has-text-align-center\">L&rsquo;ASU a \u00e9t\u00e9 reconnue organisme d&rsquo;int\u00e9r\u00eat g\u00e9n\u00e9ral par la Direction D\u00e9partementale des Finances Publiques  <br> de Seine-et-Marne en 2019 suite \u00e0 un dossier mont\u00e9 par le pr\u00e9sident du moment, Jean-Paul Guillaumet. Il a \u00e9t\u00e9 \u00e9mis un <br><strong>AVIS FAVORABLE pour la D\u00c9DUCTION FISCALE <\/strong><br><strong>des dons per\u00e7us <\/strong><br><strong>par l\u2019Association pour la Sauvegarde d\u2019Ussy<\/strong><br><br> Vos dons\/cotisations vous permettront de b\u00e9n\u00e9ficier <strong>d\u2019une r\u00e9duction d\u2019imp\u00f4t sur le revenu \u00e9gale \u00e0 66\u00a0% de leur montant<\/strong><br><strong>Superbe reconnaissance de la qualit\u00e9 du travail et du d\u00e9sint\u00e9ressement fourni par l\u2019ASU depuis de nombreuses ann\u00e9es<\/strong>.<\/p>\n\n\n<h6 style=\"text-align: center;\"><a href=\"https:\/\/infodon.fr\/comment-donner\/la-fiscalite-de-mon-don\/faire-un-don\/?utm_source=bings-Orixa&amp;utm_medium=sea&amp;utm_campaign=comment-donner&amp;utm_content=grants&amp;utm_source=bings-Orixa&amp;utm_medium=sea&amp;utm_campaign=comment-donner&amp;utm_content=grants&amp;msclkid=7bc6b427c470194af424d189dbf65857&amp;utm_term=deduction%20don\" target=\"_blank\" rel=\"noopener\" data-wplink-edit=\"true\">Article \u00e0 lire pour plus d&rsquo;informations sur le sujet<\/a><\/h6>\n\n\n<p><strong>Rappelons les actions men\u00e9es par l\u2019association<\/strong> <\/p>\n\n\n\n<ul class=\"wp-block-list\">\n<li>Sauvegarde et mise en valeur du patrimoine architectural et culturel et environnemental,<\/li>\n\n\n\n<li>Recherches sur le patrimoine et les hommes illustres ayant s\u00e9journ\u00e9 \u00e0 Ussy,<\/li>\n\n\n\n<li>Diffusion d\u2019informations sur un blog ouvert \u00e0 tous,<\/li>\n\n\n\n<li>\u00c9dition de textes dans la presse et de brochures, <\/li>\n\n\n\n<li>Participation aux instances locales concernant l\u2019am\u00e9nagement du territoire, (PNR) et les Offices de Tourisme,<\/li>\n\n\n\n<li>Cr\u00e9ation de chemins \u00e0 th\u00e8mes (Promenade sur les pas du peintre Henri Hayden, Chemin europ\u00e9en de Saint Colomban), <\/li>\n\n\n\n<li>Organisation de portes ouvertes et de visites guid\u00e9es <br><strong>N\u2019h\u00e9sitez pas \u00e0 nous soutenir dans nos actions par votre adh\u00e9sion et vos dons. Un don de 30&nbsp;\u20ac ne vous co\u00fbte que 10&nbsp;\u20ac<\/strong>.<\/li>\n<\/ul>\n\n\n\n<p class=\"has-text-align-center\"><a href=\"http:\/\/asu77ussy.fr\/index.php\/2019\/07\/01\/bulletin-adhesion\/\">BULLETIN d&rsquo;ADHESION ici<\/a><\/p>\n","protected":false},"excerpt":{"rendered":"<p>L&rsquo;ASU a \u00e9t\u00e9 reconnue organisme d&rsquo;int\u00e9r\u00eat g\u00e9n\u00e9ral par la Direction D\u00e9partementale des Finances Publiques de Seine-et-Marne en 2019 suite \u00e0<\/p>\n","protected":false},"author":1,"featured_media":5829,"comment_status":"open","ping_status":"closed","sticky":false,"template":"","format":"aside","meta":{"colormag_page_container_layout":"default_layout","colormag_page_sidebar_layout":"default_layout","jetpack_post_was_ever_published":false,"_jetpack_newsletter_access":"","_jetpack_dont_email_post_to_subs":false,"_jetpack_newsletter_tier_id":0,"_jetpack_memberships_contains_paywalled_content":false,"_jetpack_memberships_contains_paid_content":false,"footnotes":"","jetpack_publicize_message":"","jetpack_publicize_feature_enabled":true,"jetpack_social_post_already_shared":true,"jetpack_social_options":{"image_generator_settings":{"template":"highway","default_image_id":0,"font":"","enabled":false},"version":2}},"categories":[9],"tags":[],"class_list":["post-648","post","type-post","status-publish","format-aside","has-post-thumbnail","hentry","category-adhesion-don","post_format-post-format-aside"],"jetpack_publicize_connections":[],"jetpack_featured_media_url":"https:\/\/i0.wp.com\/asu77ussy.fr\/wp-content\/uploads\/2019\/08\/9x16-deduction-f.jpg?fit=604%2C343&ssl=1","jetpack_sharing_enabled":true,"jetpack_shortlink":"https:\/\/wp.me\/paUFS9-as","_links":{"self":[{"href":"https:\/\/asu77ussy.fr\/index.php\/wp-json\/wp\/v2\/posts\/648","targetHints":{"allow":["GET"]}}],"collection":[{"href":"https:\/\/asu77ussy.fr\/index.php\/wp-json\/wp\/v2\/posts"}],"about":[{"href":"https:\/\/asu77ussy.fr\/index.php\/wp-json\/wp\/v2\/types\/post"}],"author":[{"embeddable":true,"href":"https:\/\/asu77ussy.fr\/index.php\/wp-json\/wp\/v2\/users\/1"}],"replies":[{"embeddable":true,"href":"https:\/\/asu77ussy.fr\/index.php\/wp-json\/wp\/v2\/comments?post=648"}],"version-history":[{"count":15,"href":"https:\/\/asu77ussy.fr\/index.php\/wp-json\/wp\/v2\/posts\/648\/revisions"}],"predecessor-version":[{"id":6169,"href":"https:\/\/asu77ussy.fr\/index.php\/wp-json\/wp\/v2\/posts\/648\/revisions\/6169"}],"wp:featuredmedia":[{"embeddable":true,"href":"https:\/\/asu77ussy.fr\/index.php\/wp-json\/wp\/v2\/media\/5829"}],"wp:attachment":[{"href":"https:\/\/asu77ussy.fr\/index.php\/wp-json\/wp\/v2\/media?parent=648"}],"wp:term":[{"taxonomy":"category","embeddable":true,"href":"https:\/\/asu77ussy.fr\/index.php\/wp-json\/wp\/v2\/categories?post=648"},{"taxonomy":"post_tag","embeddable":true,"href":"https:\/\/asu77ussy.fr\/index.php\/wp-json\/wp\/v2\/tags?post=648"}],"curies":[{"name":"wp","href":"https:\/\/api.w.org\/{rel}","templated":true}]}}